{"id":850,"date":"2023-03-20T18:28:27","date_gmt":"2023-03-20T15:28:27","guid":{"rendered":"https:\/\/saratoga.com.tr\/?p=850"},"modified":"2023-04-07T00:03:31","modified_gmt":"2023-04-06T21:03:31","slug":"cemberlitas","status":"publish","type":"post","link":"https:\/\/saratoga.com.tr\/tr\/cemberlitas\/","title":{"rendered":"\u00c7emberlita\u015f"},"content":{"rendered":"<p>Acaba, her g\u00fcn buradan ge\u00e7enlerin y\u00fczde ka\u00e7\u0131 bu an\u0131t\u0131n ne oldu\u011funu biliyor? Tahminleriniz alay\u0131m. Ben de merak ediyorum.<br \/>\nTarihte \u0130stanbul\u2019un kaderini de\u011fi\u015ftiren en \u00f6nemli olaylar\u0131n ba\u015f\u0131nda, i\u00e7 sava\u015flardan galip \u00e7\u0131kan B\u00fcy\u00fck Konstantin\u2019in Roma \u0130mparatorlu\u011fu\u2019nun ba\u015fkentini \u0130stanbul olarak de\u011fi\u015ftirmesi gelir.<br \/>\nYani B\u00fcy\u00fck Konstantin yeni ba\u015fkent olarak \u0130stanbul\u2019u se\u00e7mi\u015f, hemen bir ba\u015fkente yak\u0131\u015facak imar \u00e7al\u0131\u015fmalar\u0131na ba\u015flam\u0131\u015f.<br \/>\nBug\u00fcn \u00c7emberlita\u015f diye bildi\u011fimiz an\u0131t da, B\u00fcy\u00fck Konstantin taraf\u0131ndan dairesel planl\u0131 forumun tam ortas\u0131na dikilmi\u015f. An\u0131t\u0131n \u00fczerinde B\u00fcy\u00fck Konstantin\u2019in heykeli varm\u0131\u015f.<br \/>\nM.S. 330 y\u0131l\u0131nda, o zamanki ad\u0131yla Byzantion kenti, resmi bir t\u00f6renle Roma \u0130mparatorlu\u011fu\u2019nun ba\u015fkenti olmu\u015f.<br \/>\n\u0130\u015fte ondan sonra \u0130stanbul hep \u00f6nemini korumu\u015f. \u00dc\u00e7 imparatorlu\u011fa ba\u015fkentlik yapm\u0131\u015f. Hala k\u00fclt\u00fcrel ba\u015fkent.<br \/>\nB\u00fcy\u00fck Konstantin \u0130stanbul\u2019u ba\u015fkent yapmasayd\u0131, sizce bug\u00fcnk\u00fc \u0130stanbul \u015fimdiki gibi olur muydu?<\/p>\n","protected":false},"excerpt":{"rendered":"<p>Acaba, her g\u00fcn buradan ge\u00e7enlerin y\u00fczde ka\u00e7\u0131 bu an\u0131t\u0131n ne oldu\u011funu biliyor? Tahminleriniz alay\u0131m. Ben de merak ediyorum. Tarihte \u0130stanbul\u2019un kaderini de\u011fi\u015ftiren en \u00f6nemli olaylar\u0131n ba\u015f\u0131nda, i\u00e7 sava\u015flardan galip \u00e7\u0131kan B\u00fcy\u00fck Konstantin\u2019in Roma \u0130mparatorlu\u011fu\u2019nun ba\u015fkentini \u0130stanbul olarak de\u011fi\u015ftirmesi gelir. Yani B\u00fcy\u00fck Konstantin yeni ba\u015fkent olarak \u0130stanbul\u2019u se\u00e7mi\u015f, hemen bir ba\u015fkente yak\u0131\u015facak imar \u00e7al\u0131\u015fmalar\u0131na ba\u015flam\u0131\u015f. Bug\u00fcn [&hellip;]<\/p>\n","protected":false},"author":2,"featured_media":1114,"comment_status":"closed","ping_status":"closed","sticky":false,"template":"","format":"standard","meta":{"_joinchat":[],"footnotes":""},"categories":[1],"tags":[],"class_list":["post-850","post","type-post","status-publish","format-standard","has-post-thumbnail","hentry","category-yakin-cevre"],"_links":{"self":[{"href":"https:\/\/saratoga.com.tr\/tr\/wp-json\/wp\/v2\/posts\/850","targetHints":{"allow":["GET"]}}],"collection":[{"href":"https:\/\/saratoga.com.tr\/tr\/wp-json\/wp\/v2\/posts"}],"about":[{"href":"https:\/\/saratoga.com.tr\/tr\/wp-json\/wp\/v2\/types\/post"}],"author":[{"embeddable":true,"href":"https:\/\/saratoga.com.tr\/tr\/wp-json\/wp\/v2\/users\/2"}],"replies":[{"embeddable":true,"href":"https:\/\/saratoga.com.tr\/tr\/wp-json\/wp\/v2\/comments?post=850"}],"version-history":[{"count":1,"href":"https:\/\/saratoga.com.tr\/tr\/wp-json\/wp\/v2\/posts\/850\/revisions"}],"predecessor-version":[{"id":851,"href":"https:\/\/saratoga.com.tr\/tr\/wp-json\/wp\/v2\/posts\/850\/revisions\/851"}],"wp:featuredmedia":[{"embeddable":true,"href":"https:\/\/saratoga.com.tr\/tr\/wp-json\/wp\/v2\/media\/1114"}],"wp:attachment":[{"href":"https:\/\/saratoga.com.tr\/tr\/wp-json\/wp\/v2\/media?parent=850"}],"wp:term":[{"taxonomy":"category","embeddable":true,"href":"https:\/\/saratoga.com.tr\/tr\/wp-json\/wp\/v2\/categories?post=850"},{"taxonomy":"post_tag","embeddable":true,"href":"https:\/\/saratoga.com.tr\/tr\/wp-json\/wp\/v2\/tags?post=850"}],"curies":[{"name":"wp","href":"https:\/\/api.w.org\/{rel}","templated":true}]}}