{"id":844,"date":"2023-03-20T18:26:39","date_gmt":"2023-03-20T15:26:39","guid":{"rendered":"https:\/\/saratoga.com.tr\/?p=844"},"modified":"2023-04-07T00:04:21","modified_gmt":"2023-04-06T21:04:21","slug":"alman-cesmesi-sultanahmet-istanbul","status":"publish","type":"post","link":"https:\/\/saratoga.com.tr\/tr\/alman-cesmesi-sultanahmet-istanbul\/","title":{"rendered":"Alman C\u0327es\u0327mesi, Sultanahmet, I\u0307stanbul"},"content":{"rendered":"<p>Alman I\u0307mparatoru Kaiser II. Wilhelm\u2019in 1898\u2019de Osmanl\u0131 Sultan\u0131 II. Abdu\u0308lhamid\u2019i ikinci ziyaretinin ha\u0302t\u0131ras\u0131 olarak Atmeydan\u0131\u2019nda ins\u0327a ettirilmis\u0327 olan meydan c\u0327es\u0327mesi.\u2800<br \/>\nC\u0327es\u0327me prefabrike bir yap\u0131, yani tu\u0308m parc\u0327alar\u0131 Almanya\u2019da haz\u0131rlanm\u0131s\u0327, daha sonra I\u0307stanbul\u2019a getirilerek burada birles\u0327tirilmis\u0327.\u2800<br \/>\nTu\u0308rk mimarisine oldukc\u0327a ayk\u0131r\u0131 bir yap\u0131, Neo-Bizans u\u0308slu\u0302bunda ins\u0327a edilmis\u0327.\u2800<br \/>\nSekizgen bic\u0327imde, sekiz granit su\u0308tun ve sekiz kemerin u\u0308stu\u0308ne oturan bak\u0131r kapl\u0131 bir kubbeden olus\u0327uyor.\u2800<br \/>\nKubbenin ic\u0327 yu\u0308zeyi alt\u0131n mozaiklerle kaplanm\u0131s\u0327. #Madalyon ic\u0327inde Abdu\u0308lhamid\u2019in tug\u0306ras\u0131 ile Kaiserin monogram\u0131 mozaikle is\u0327lenmis\u0327.\u2800<br \/>\nGene ic\u0327 k\u0131s\u0131mda Mehmed I\u0307zzet Efendi\u2019nin su\u0308lu\u0308s yaz\u0131s\u0131 ile Ahmed Muhtar Efendi\u2019nin yaz\u0131s\u0131yla hem ziyaret ve ac\u0327\u0131l\u0131s\u0327 tarihi, hem de s\u0327u\u0308kran ha\u0302t\u0131ras\u0131 olarak yapt\u0131r\u0131ld\u0131g\u0306\u0131 ifade edilmekte. \u2800<br \/>\nC\u0327ok deg\u0306is\u0327ik u\u0308slu\u0302buna rag\u0306men I\u0307stanbul\u2019un yog\u0306un tarihi\u0302 eserlerinin aras\u0131nda Sultanahmet Meydan\u0131\u2019na ayr\u0131 bir renk kat\u0131yor.<\/p>\n","protected":false},"excerpt":{"rendered":"<p>Alman I\u0307mparatoru Kaiser II. Wilhelm\u2019in 1898\u2019de Osmanl\u0131 Sultan\u0131 II. Abdu\u0308lhamid\u2019i ikinci ziyaretinin ha\u0302t\u0131ras\u0131 olarak Atmeydan\u0131\u2019nda ins\u0327a ettirilmis\u0327 olan meydan c\u0327es\u0327mesi.\u2800 C\u0327es\u0327me prefabrike bir yap\u0131, yani tu\u0308m parc\u0327alar\u0131 Almanya\u2019da haz\u0131rlanm\u0131s\u0327, daha sonra I\u0307stanbul\u2019a getirilerek burada birles\u0327tirilmis\u0327.\u2800 Tu\u0308rk mimarisine oldukc\u0327a ayk\u0131r\u0131 bir yap\u0131, Neo-Bizans u\u0308slu\u0302bunda ins\u0327a edilmis\u0327.\u2800 Sekizgen bic\u0327imde, sekiz granit su\u0308tun ve sekiz kemerin u\u0308stu\u0308ne oturan [&hellip;]<\/p>\n","protected":false},"author":2,"featured_media":1060,"comment_status":"closed","ping_status":"closed","sticky":false,"template":"","format":"standard","meta":{"_joinchat":[],"footnotes":""},"categories":[1],"tags":[],"class_list":["post-844","post","type-post","status-publish","format-standard","has-post-thumbnail","hentry","category-yakin-cevre"],"_links":{"self":[{"href":"https:\/\/saratoga.com.tr\/tr\/wp-json\/wp\/v2\/posts\/844","targetHints":{"allow":["GET"]}}],"collection":[{"href":"https:\/\/saratoga.com.tr\/tr\/wp-json\/wp\/v2\/posts"}],"about":[{"href":"https:\/\/saratoga.com.tr\/tr\/wp-json\/wp\/v2\/types\/post"}],"author":[{"embeddable":true,"href":"https:\/\/saratoga.com.tr\/tr\/wp-json\/wp\/v2\/users\/2"}],"replies":[{"embeddable":true,"href":"https:\/\/saratoga.com.tr\/tr\/wp-json\/wp\/v2\/comments?post=844"}],"version-history":[{"count":1,"href":"https:\/\/saratoga.com.tr\/tr\/wp-json\/wp\/v2\/posts\/844\/revisions"}],"predecessor-version":[{"id":845,"href":"https:\/\/saratoga.com.tr\/tr\/wp-json\/wp\/v2\/posts\/844\/revisions\/845"}],"wp:featuredmedia":[{"embeddable":true,"href":"https:\/\/saratoga.com.tr\/tr\/wp-json\/wp\/v2\/media\/1060"}],"wp:attachment":[{"href":"https:\/\/saratoga.com.tr\/tr\/wp-json\/wp\/v2\/media?parent=844"}],"wp:term":[{"taxonomy":"category","embeddable":true,"href":"https:\/\/saratoga.com.tr\/tr\/wp-json\/wp\/v2\/categories?post=844"},{"taxonomy":"post_tag","embeddable":true,"href":"https:\/\/saratoga.com.tr\/tr\/wp-json\/wp\/v2\/tags?post=844"}],"curies":[{"name":"wp","href":"https:\/\/api.w.org\/{rel}","templated":true}]}}